{"id":3033,"date":"2016-04-22T10:27:24","date_gmt":"2016-04-22T08:27:24","guid":{"rendered":"https:\/\/sonda.hr\/?p=3033"},"modified":"2016-04-22T10:59:30","modified_gmt":"2016-04-22T10:59:30","slug":"zapocele-sretne-price-prikljucite-se","status":"publish","type":"post","link":"https:\/\/sonda.hr\/hr\/zapocele-sretne-price-prikljucite-se\/","title":{"rendered":"Zapo\u010dele Sretne pri\u010de. Priklju\u010dite se!"},"content":{"rendered":"<p>U sklopu Festivala rabljenih knjiga Booktiga pro\u010ditane prve od mnogih <a href=\"https:\/\/sonda.hr\/booktiga-2016-i-sretne-price\/\">Sretnih pri\u010da<\/a>. \u010cast premijernog \u010ditanja stanovnicima Pore\u010dkog doma za starije i nemo\u0107ne imao je poznati hrvatski knji\u017eevnik Mladen Ku\u0161ec, a projekt se nastavlja ve\u0107 po\u010detkom idu\u0107ega mjeseca, kada s \u010ditanjem nastavljaju volonteri u organizaciji Gradske knji\u017enice Pore\u010d.<\/p>\n<p>\u0160to je najva\u017enije, projekt su prepoznale i sve knji\u017enice Istarske \u017eupanije te ubrzo pokrivamo sve \u017eupanijske domove.\u00a0Priklju\u010dite se i vi! Volonteri se za daljnje informacije mogu obratiti <a href=\"http:\/\/www.knjiznicaporec.hr\/prva.aspx?stranica=1356&amp;pid=3556\">Gradskoj knji\u017enici Pore\u010d<\/a>.<\/p>\n<p>Na\u0161e bake i djedovi odli\u010dni su slu\u0161a\u010di i zaista se raduju toplini i rije\u010dima koje donosimo. Dio atmosfere donosimo u nastavku.<\/p>\n<p>&nbsp;<\/p>\n","protected":false},"excerpt":{"rendered":"<p>U sklopu Festivala rabljenih knjiga Booktiga pro\u010ditane prve od mnogih Sretnih pri\u010da. \u010cast premijernog \u010ditanja stanovnicima Pore\u010dkog doma za starije i nemo\u0107ne imao je poznati hrvatski knji\u017eevnik Mladen Ku\u0161ec<\/p>\n","protected":false},"author":3,"featured_media":3047,"comment_status":"closed","ping_status":"closed","sticky":false,"template":"","format":"standard","meta":{"_acf_changed":false,"footnotes":""},"categories":[178,1,194],"tags":[133,2332,235,2330,2334,132,2336],"class_list":["post-3033","post","type-post","status-publish","format-standard","has-post-thumbnail","hentry","category-kultura","category-novosti","category-osvrti","tag-booktiga","tag-dom-za-starije-i-nemocne","tag-festival-rabljenih-knjiga","tag-knjige","tag-mladen-kusec","tag-porec","tag-sretne-price"],"acf":{"gallery":[3041,3038,3039,3040,3043,3042,3044],"migrate_to_new_website":true,"content_type":"work"},"wpml_current_locale":"hr","wpml_translations":{"en_US":{"locale":"en_US","id":3035,"slug":"happy-stories-have-begun-join-us","post_title":"Happy stories have begun. Join us!","href":"https:\/\/sonda.hr\/happy-stories-have-begun-join-us\/"}},"featured_image_url":"https:\/\/sonda.hr\/wp-content\/uploads\/2016\/04\/SretnePrice_H3.jpg","_links":{"self":[{"href":"https:\/\/sonda.hr\/hr\/wp-json\/wp\/v2\/posts\/3033","targetHints":{"allow":["GET"]}}],"collection":[{"href":"https:\/\/sonda.hr\/hr\/wp-json\/wp\/v2\/posts"}],"about":[{"href":"https:\/\/sonda.hr\/hr\/wp-json\/wp\/v2\/types\/post"}],"author":[{"embeddable":true,"href":"https:\/\/sonda.hr\/hr\/wp-json\/wp\/v2\/users\/3"}],"replies":[{"embeddable":true,"href":"https:\/\/sonda.hr\/hr\/wp-json\/wp\/v2\/comments?post=3033"}],"version-history":[{"count":3,"href":"https:\/\/sonda.hr\/hr\/wp-json\/wp\/v2\/posts\/3033\/revisions"}],"predecessor-version":[{"id":3048,"href":"https:\/\/sonda.hr\/hr\/wp-json\/wp\/v2\/posts\/3033\/revisions\/3048"}],"acf:attachment":[{"embeddable":true,"href":"https:\/\/sonda.hr\/hr\/wp-json\/wp\/v2\/media\/3044"},{"embeddable":true,"href":"https:\/\/sonda.hr\/hr\/wp-json\/wp\/v2\/media\/3042"},{"embeddable":true,"href":"https:\/\/sonda.hr\/hr\/wp-json\/wp\/v2\/media\/3043"},{"embeddable":true,"href":"https:\/\/sonda.hr\/hr\/wp-json\/wp\/v2\/media\/3040"},{"embeddable":true,"href":"https:\/\/sonda.hr\/hr\/wp-json\/wp\/v2\/media\/3039"},{"embeddable":true,"href":"https:\/\/sonda.hr\/hr\/wp-json\/wp\/v2\/media\/3038"},{"embeddable":true,"href":"https:\/\/sonda.hr\/hr\/wp-json\/wp\/v2\/media\/3041"}],"wp:featuredmedia":[{"embeddable":true,"href":"https:\/\/sonda.hr\/hr\/wp-json\/wp\/v2\/media\/3047"}],"wp:attachment":[{"href":"https:\/\/sonda.hr\/hr\/wp-json\/wp\/v2\/media?parent=3033"}],"wp:term":[{"taxonomy":"category","embeddable":true,"href":"https:\/\/sonda.hr\/hr\/wp-json\/wp\/v2\/categories?post=3033"},{"taxonomy":"post_tag","embeddable":true,"href":"https:\/\/sonda.hr\/hr\/wp-json\/wp\/v2\/tags?post=3033"}],"curies":[{"name":"wp","href":"https:\/\/api.w.org\/{rel}","templated":true}]}}