{"id":347,"date":"2008-05-20T08:50:08","date_gmt":"2008-05-20T06:50:08","guid":{"rendered":"https:\/\/sonda.hr\/?p=347"},"modified":"2016-01-24T16:58:03","modified_gmt":"2016-01-24T16:58:03","slug":"grudnjak-za-pomodne-razgovore","status":"publish","type":"post","link":"https:\/\/sonda.hr\/hr\/grudnjak-za-pomodne-razgovore\/","title":{"rendered":"Grudnjak za Pomodne razgovore"},"content":{"rendered":"<p>\u017diri 10. Me\u0111unarodnog festivala kreativnih komunikacija \u2013 MAGDALENA, odr\u017eanog u Mariboru, bro\u0161uri Studia Sonde (Po)modni razgovori naru\u010ditelja <a href=\"http:\/\/hdluistre.hr\">Hrvatskog dru\u0161tva likovnih umjetnika Istre<\/a>, dodijelio je drugu nagradu Srebrni grudnjak za dizajn u kategoriji Small promos. Ukupno je prijavljeno 467 radova iz 11 zemalja.<\/p>\n<p>Okosnica izlo\u017ebe (Po)modni razgovori je problematiziranje pitanja tijela, reprezentacijske poruke mode, odijevanja i umjetnosti, te njihovih me\u0111usobnih odnosa unutar galerijskog i dru\u0161tvenog konteksta.\u00a0Upravo stoga, znak izlo\u017ebe izveden je spajanjem dva simbola: vje\u0161alice kao simbola mode i usana kao simbola razgovora (komunikacije). Katalog je tiskan na kroja\u010dkom papiru, a ujedno je i plakat formata B1 sa perforacijom kojom se izvodi\u00a0kroja\u010dki metar, dok grafika opona\u0161a krojni arak.<\/p>\n<p>Grudnjak inicijalno nije bio zami\u0161ljen u kolekciji pomodnih razgovora, no uklopio se.<\/p>\n","protected":false},"excerpt":{"rendered":"<p>Bro\u0161uri (Po)modni razgovori dodijeljen Srebrni grudnjak za dizajn na 10. Me\u0111unarodnom festivalu kreativnih komunikacija \u2013 Magdalena <\/p>\n","protected":false},"author":3,"featured_media":1331,"comment_status":"closed","ping_status":"closed","sticky":false,"template":"","format":"standard","meta":{"_acf_changed":false,"footnotes":""},"categories":[188,178,47,1,17],"tags":[3567,230,232,231,149,202,148],"class_list":["post-347","post","type-post","status-publish","format-standard","has-post-thumbnail","hentry","category-izlozbe","category-kultura","category-nagrade","category-novosti","category-workprint","tag-award-hr-2","tag-grudnjak","tag-hdlui","tag-hrvatsko-drustvo-likovnih-umjetnika-istre","tag-magdalena","tag-nagrada","tag-pomodni-razgovori"],"acf":{"gallery":[2703,2699,2700,2701,2702],"migrate_to_new_website":true,"content_type":"post"},"wpml_current_locale":"hr","wpml_translations":{"en_US":{"locale":"en_US","id":1354,"slug":"a-bra-for-fashionable-discourses","post_title":"A bra for fashionable discourses","href":"https:\/\/sonda.hr\/a-bra-for-fashionable-discourses\/"}},"featured_image_url":"https:\/\/sonda.hr\/wp-content\/uploads\/2008\/05\/Pomodni_02.jpg","_links":{"self":[{"href":"https:\/\/sonda.hr\/hr\/wp-json\/wp\/v2\/posts\/347","targetHints":{"allow":["GET"]}}],"collection":[{"href":"https:\/\/sonda.hr\/hr\/wp-json\/wp\/v2\/posts"}],"about":[{"href":"https:\/\/sonda.hr\/hr\/wp-json\/wp\/v2\/types\/post"}],"author":[{"embeddable":true,"href":"https:\/\/sonda.hr\/hr\/wp-json\/wp\/v2\/users\/3"}],"replies":[{"embeddable":true,"href":"https:\/\/sonda.hr\/hr\/wp-json\/wp\/v2\/comments?post=347"}],"version-history":[{"count":10,"href":"https:\/\/sonda.hr\/hr\/wp-json\/wp\/v2\/posts\/347\/revisions"}],"predecessor-version":[{"id":1419,"href":"https:\/\/sonda.hr\/hr\/wp-json\/wp\/v2\/posts\/347\/revisions\/1419"}],"acf:attachment":[{"embeddable":true,"href":"https:\/\/sonda.hr\/hr\/wp-json\/wp\/v2\/media\/2702"},{"embeddable":true,"href":"https:\/\/sonda.hr\/hr\/wp-json\/wp\/v2\/media\/2701"},{"embeddable":true,"href":"https:\/\/sonda.hr\/hr\/wp-json\/wp\/v2\/media\/2700"},{"embeddable":true,"href":"https:\/\/sonda.hr\/hr\/wp-json\/wp\/v2\/media\/2699"},{"embeddable":true,"href":"https:\/\/sonda.hr\/hr\/wp-json\/wp\/v2\/media\/2703"}],"wp:featuredmedia":[{"embeddable":true,"href":"https:\/\/sonda.hr\/hr\/wp-json\/wp\/v2\/media\/1331"}],"wp:attachment":[{"href":"https:\/\/sonda.hr\/hr\/wp-json\/wp\/v2\/media?parent=347"}],"wp:term":[{"taxonomy":"category","embeddable":true,"href":"https:\/\/sonda.hr\/hr\/wp-json\/wp\/v2\/categories?post=347"},{"taxonomy":"post_tag","embeddable":true,"href":"https:\/\/sonda.hr\/hr\/wp-json\/wp\/v2\/tags?post=347"}],"curies":[{"name":"wp","href":"https:\/\/api.w.org\/{rel}","templated":true}]}}