{"id":3509,"date":"2016-12-23T11:06:49","date_gmt":"2016-12-23T10:06:49","guid":{"rendered":"https:\/\/sonda.hr\/?p=3509"},"modified":"2016-12-23T11:40:20","modified_gmt":"2016-12-23T11:40:20","slug":"the-best-of-adriatic-creative-directors","status":"publish","type":"post","link":"https:\/\/sonda.hr\/hr\/the-best-of-adriatic-creative-directors\/","title":{"rendered":"U knjizi The Best of Adriatic Creative Directors"},"content":{"rendered":"<p>U Zagrebu je 19. prosinca 2016. g <a href=\"http:\/\/www.media-marketing.com\/kolumna\/dnevnik-jednog-metuzalema-60-na-zagrebacku-promociju-knjige-dosli-su-svi-prijatelji-koje-sam-zelio-vidjeti\/\">prezentirana knjiga The best of Adriatic Creative Directors<\/a> autora Ekrema Dupanovi\u0107a, a koji je u svoju listu 26 najboljih kreativnih direktora regije uvrstio i nas iz Studia Sonda.<\/p>\n<p>Kreativni direktori koji su, prema odabiru autora, uvr\u0161teni u ovu knjigu su:<\/p>\n<p><em>Hrvatska<\/em>: Iva Babaja (Unex Group), Vanja Blumen\u0161ajn (Senor), Davor Bruketa (B&amp;\u017d), Nikola \u017dini\u0107 (B&amp;\u017d), Jelena Fi\u0161ku\u0161 (Studio Sonda), Sean Poropat (Studio Sonda) Igor Mladinovi\u0107 (Imago), Almir Okanovi\u0107 (BBDO)\u00a0<em>BiH<\/em>: Bojan Had\u017eihalilovi\u0107\u0107 (Fabrika), Ajna Zlatar (Communis)\u00a0<em>Makedonija<\/em>: \u00a0Vasilije \u0106orluka (Saatchi&amp;Saatchi), Ivica Spasovski (McCann Skopje)\u00a0<em>Slovenija<\/em>:\u00a0Aljo\u0161a Bagola (Pristop), Janez Raku\u0161\u010dek (Luna TBWA), Toni Toma\u0161ek (Publicis One Slovenia And Croatia), Vital Verli\u010d (Futura), Marko Vi\u010di\u010d (Futura), \u017dare Kekin (Futura), Bla\u017e Vuk (Pristop)\u00a0<em>Srbija<\/em>: \u00a0Svetlana \u0106opi\u0107 (Scholz&amp;Friends Belgrade), Vladimir \u0106osi\u0107 (McCann Belgrade), Nejbo\u0161a Krivoku\u0107a (Communis DDB), Jana Savi\u0107 Rastovac (McCann Belgrade), Ana \u0160uti\u0107 (New Moment Beograd), \u017darko Veljkovi\u0107 (Saatchi&amp;Saatchi Beograd), Ivana Zekovi\u0107 (Saatchi&amp;Saatchi Beograd)<\/p>\n<p>Osim \u0161to nam je zadovoljstvo biti odabranima uz ove kreativce, razveselila nas je i motiviraju\u0107a, personalizirana poruka autora.<\/p>\n<p>Knjiga prezentira sljede\u0107e radove Studia Sonda:<br \/>\n1. Booktiga Sajam rabljenih knjiga \u2013 kolekcija postera (<a href=\"https:\/\/sonda.hr\/biti-margina\/\">2012<\/a>, <a href=\"https:\/\/sonda.hr\/plakat-booktiga-2009-kao-rabljena-roba\/\">2009<\/a>, <a href=\"https:\/\/sonda.hr\/serija-plakata-booktiga-08-osvojila-broncano-zvono-na-festivalu-trzisnog-komuniciranja\/\">2008<\/a>)<br \/>\n2. <a href=\"https:\/\/sonda.hr\/zazeli\/\">Za\u017eeli<\/a> \u2013 Kampanja povodom 60 obljetnice Pulskog filmskog festivala<br \/>\n3. Piquentum <a href=\"https:\/\/sonda.hr\/piquentum-brazda-rad-na-ambalazi-dug-dvije-godine\/\">Brazda<\/a> i <a href=\"https:\/\/sonda.hr\/etiketa-kroz-koju-govori-priroda-piquentum-sv-vital\/\">Sv. Vital<\/a><br \/>\n4. Vizualni identitet <a href=\"https:\/\/sonda.hr\/sonda-u-le-corbusierovoj-villi-savoye-pored-pariza\/\">Light Hours<\/a> Izlo\u017ebe (Villa Savoye)<br \/>\n5. <a href=\"https:\/\/sonda.hr\/i-kultura-se-moze-darovati-predstavljamo-kazaliste-za-kasnije\/\">Kazali\u0161te za Kasnije<\/a><br \/>\n6. Nerealizirani rad \u2013 vizualni identitet za HTZ<br \/>\n7. <a href=\"https:\/\/sonda.hr\/imamo-najbolji-projekt-balcannesa-2016\/\">Mu\u0161karci diljem svijeta pla\u010du<\/a> \u2013 Elan<br \/>\n8. Booktiga nagrada<br \/>\n9. <a href=\"https:\/\/sonda.hr\/holcim-agrocal-ambalaza-koja-se-cuva\/\">Agrocal \u2013\u00a0ambala\u017ea koja se \u010duva<\/a><br \/>\n10. <a href=\"https:\/\/sonda.hr\/134\/\">Sonda Magazin<\/a><\/p>\n<p>&nbsp;<\/p>\n","protected":false},"excerpt":{"rendered":"<p>Knjiga prezentira 26 najboljih kreativnih direktora regije, prema odabiru autora Ekrema Dupanovi\u0107a<\/p>\n","protected":false},"author":3,"featured_media":3538,"comment_status":"closed","ping_status":"closed","sticky":false,"template":"","format":"standard","meta":{"_acf_changed":false,"footnotes":""},"categories":[1],"tags":[2527,2539,2537,237,2535,2543,2541,224],"class_list":["post-3509","post","type-post","status-publish","format-standard","has-post-thumbnail","hentry","category-novosti","tag-ekrem-dupanovic","tag-fiskus","tag-jelena","tag-knjiga","tag-kreativni-direktor","tag-poropat","tag-sean","tag-studio-sonda"],"acf":{"gallery":[3529,3530,3531,3532,3533,3534],"migrate_to_new_website":true,"content_type":"post"},"wpml_current_locale":"hr","wpml_translations":{"en_US":{"locale":"en_US","id":3517,"slug":"in-the-best-of-adriatic-creative-directors-book","post_title":"In the book: The Best of Adriatic Creative Directors","href":"https:\/\/sonda.hr\/in-the-best-of-adriatic-creative-directors-book\/"}},"featured_image_url":"https:\/\/sonda.hr\/wp-content\/uploads\/2016\/12\/BestCreativeDirectors_H1.jpg","_links":{"self":[{"href":"https:\/\/sonda.hr\/hr\/wp-json\/wp\/v2\/posts\/3509","targetHints":{"allow":["GET"]}}],"collection":[{"href":"https:\/\/sonda.hr\/hr\/wp-json\/wp\/v2\/posts"}],"about":[{"href":"https:\/\/sonda.hr\/hr\/wp-json\/wp\/v2\/types\/post"}],"author":[{"embeddable":true,"href":"https:\/\/sonda.hr\/hr\/wp-json\/wp\/v2\/users\/3"}],"replies":[{"embeddable":true,"href":"https:\/\/sonda.hr\/hr\/wp-json\/wp\/v2\/comments?post=3509"}],"version-history":[{"count":10,"href":"https:\/\/sonda.hr\/hr\/wp-json\/wp\/v2\/posts\/3509\/revisions"}],"predecessor-version":[{"id":3539,"href":"https:\/\/sonda.hr\/hr\/wp-json\/wp\/v2\/posts\/3509\/revisions\/3539"}],"acf:attachment":[{"embeddable":true,"href":"https:\/\/sonda.hr\/hr\/wp-json\/wp\/v2\/media\/3534"},{"embeddable":true,"href":"https:\/\/sonda.hr\/hr\/wp-json\/wp\/v2\/media\/3533"},{"embeddable":true,"href":"https:\/\/sonda.hr\/hr\/wp-json\/wp\/v2\/media\/3532"},{"embeddable":true,"href":"https:\/\/sonda.hr\/hr\/wp-json\/wp\/v2\/media\/3531"},{"embeddable":true,"href":"https:\/\/sonda.hr\/hr\/wp-json\/wp\/v2\/media\/3530"},{"embeddable":true,"href":"https:\/\/sonda.hr\/hr\/wp-json\/wp\/v2\/media\/3529"}],"wp:featuredmedia":[{"embeddable":true,"href":"https:\/\/sonda.hr\/hr\/wp-json\/wp\/v2\/media\/3538"}],"wp:attachment":[{"href":"https:\/\/sonda.hr\/hr\/wp-json\/wp\/v2\/media?parent=3509"}],"wp:term":[{"taxonomy":"category","embeddable":true,"href":"https:\/\/sonda.hr\/hr\/wp-json\/wp\/v2\/categories?post=3509"},{"taxonomy":"post_tag","embeddable":true,"href":"https:\/\/sonda.hr\/hr\/wp-json\/wp\/v2\/tags?post=3509"}],"curies":[{"name":"wp","href":"https:\/\/api.w.org\/{rel}","templated":true}]}}