{"id":366,"date":"2014-02-04T13:21:27","date_gmt":"2014-02-04T12:21:27","guid":{"rendered":"https:\/\/sonda.hr\/?p=366"},"modified":"2016-01-24T16:27:22","modified_gmt":"2016-01-24T16:27:22","slug":"zlato-za-elanov-set-djecjih-skija-i-pancerica","status":"publish","type":"post","link":"https:\/\/sonda.hr\/hr\/zlato-za-elanov-set-djecjih-skija-i-pancerica\/","title":{"rendered":"Zlato za Elanov set dje\u010djih skija"},"content":{"rendered":"<p style=\"text-align: left;\">Elanov set skija i pancerica za djecu s novom U-flex tehnologijom razvijenom od strane Elan R&amp;D odjela i studija GIGO design iz Slovenije, a \u010diji je grafi\u010dki dizajn u segmentu skija za djevoj\u010dice osmislila Sonda, dobitnik je zlatne medalje na <a href=\"http:\/\/www.ispo.com\/en\/index.html\">ISPO<\/a> najve\u0107em me\u0111unarodnom sajmu sporta i sportske opreme, odr\u017eanom u Munchenu od 26. do 29. sije\u010dnja 2014. Nagrada punog naziva: 2014 ISPO Award Gold Winner u kategoriji \u201cSki on Piste\u201d dodijeljena je 27. sije\u010dnja, kada je odr\u017eana i svjetska premijera novog koncepta skijanja namijenjenog malim skija\u0161ima.<\/p>\n<p style=\"text-align: left;\">ISPO Munich sajam ve\u0107 je preko 40 godina vode\u0107i me\u0111unarodni sajam sporta, a prema brojkama iz 2013. g, posjetilo ga je vi\u0161e od 81.000 posjetitelja iz 109 zemalja.\u00a0Tijekom sajma premijerno je uspje\u0161no predstavljena i \u017eenska kolekcija skija za sezonu 2014\/15 koju je tako\u0111er izradila Sonda.<\/p>\n<div class=\"video-container\"><iframe loading=\"lazy\" title=\"Elan U-Flex Technology\" width=\"500\" height=\"281\" src=\"https:\/\/www.youtube.com\/embed\/lXR0N7QZdmQ?feature=oembed\" frameborder=\"0\" allow=\"accelerometer; autoplay; clipboard-write; encrypted-media; gyroscope; picture-in-picture; web-share\" referrerpolicy=\"strict-origin-when-cross-origin\" allowfullscreen><\/iframe><\/div>\n","protected":false},"excerpt":{"rendered":"<p>Koncept dje\u010djih skija, koje u segmentu skija za djevoj\u010dice nose dizajn Sonde, nagra\u0111en je zlatom na najve\u0107em me\u0111unarodnom sajmu sporta i sportske opreme<\/p>\n","protected":false},"author":3,"featured_media":1314,"comment_status":"closed","ping_status":"closed","sticky":false,"template":"","format":"standard","meta":{"_acf_changed":false,"footnotes":""},"categories":[47,1,72],"tags":[3567,131,567,154,242,202,212,211],"class_list":["post-366","post","type-post","status-publish","format-standard","has-post-thumbnail","hentry","category-nagrade","category-novosti","category-proizvodi","tag-award-hr-2","tag-elan-hr","tag-gigo","tag-ispo","tag-munchen","tag-nagrada","tag-pancerice","tag-skije"],"acf":{"gallery":[1894],"migrate_to_new_website":true,"content_type":"post"},"wpml_current_locale":"hr","wpml_translations":{"en_US":{"locale":"en_US","id":1928,"slug":"gold-for-elans-set-junior-skis","post_title":"Gold for Elan's set junior skis","href":"https:\/\/sonda.hr\/gold-for-elans-set-junior-skis\/"}},"featured_image_url":"https:\/\/sonda.hr\/wp-content\/uploads\/2014\/02\/Elan_Kids_02.jpg","_links":{"self":[{"href":"https:\/\/sonda.hr\/hr\/wp-json\/wp\/v2\/posts\/366","targetHints":{"allow":["GET"]}}],"collection":[{"href":"https:\/\/sonda.hr\/hr\/wp-json\/wp\/v2\/posts"}],"about":[{"href":"https:\/\/sonda.hr\/hr\/wp-json\/wp\/v2\/types\/post"}],"author":[{"embeddable":true,"href":"https:\/\/sonda.hr\/hr\/wp-json\/wp\/v2\/users\/3"}],"replies":[{"embeddable":true,"href":"https:\/\/sonda.hr\/hr\/wp-json\/wp\/v2\/comments?post=366"}],"version-history":[{"count":17,"href":"https:\/\/sonda.hr\/hr\/wp-json\/wp\/v2\/posts\/366\/revisions"}],"predecessor-version":[{"id":2321,"href":"https:\/\/sonda.hr\/hr\/wp-json\/wp\/v2\/posts\/366\/revisions\/2321"}],"acf:attachment":[{"embeddable":true,"href":"https:\/\/sonda.hr\/hr\/wp-json\/wp\/v2\/media\/1894"}],"wp:featuredmedia":[{"embeddable":true,"href":"https:\/\/sonda.hr\/hr\/wp-json\/wp\/v2\/media\/1314"}],"wp:attachment":[{"href":"https:\/\/sonda.hr\/hr\/wp-json\/wp\/v2\/media?parent=366"}],"wp:term":[{"taxonomy":"category","embeddable":true,"href":"https:\/\/sonda.hr\/hr\/wp-json\/wp\/v2\/categories?post=366"},{"taxonomy":"post_tag","embeddable":true,"href":"https:\/\/sonda.hr\/hr\/wp-json\/wp\/v2\/tags?post=366"}],"curies":[{"name":"wp","href":"https:\/\/api.w.org\/{rel}","templated":true}]}}