{"id":3977,"date":"2017-10-17T13:39:34","date_gmt":"2017-10-17T11:39:34","guid":{"rendered":"https:\/\/sonda.hr\/?p=3977"},"modified":"2017-10-17T14:31:38","modified_gmt":"2017-10-17T14:31:38","slug":"izlazemo-na-52-zagrebackom-salonu","status":"publish","type":"post","link":"https:\/\/sonda.hr\/hr\/izlazemo-na-52-zagrebackom-salonu\/","title":{"rendered":"Izla\u017eemo na 52. zagreba\u010dkom salonu"},"content":{"rendered":"<p>52. zagreba\u010dki salon nacionalna je izlo\u017eba suvremenog stvarala\u0161tva na polju vizualnih umjetnosti, dizajna i arhitekture koje se ove godine realizira u organizaciji ULUPUH-a pod vodstvom Ivane Bakal, ravnateljice Salona. Sredi\u0161nju temu Salona pod nazivom (Ne)primjenjivost primijenjene umjetnosti osmislio je Nikola Albane\u017ee, kustos i autor koncepcije, a sedmero\u010dlani \u017eiri odabrao je za izlaganje 96 radova 70 autora i autorskih grupa.<\/p>\n<p>Me\u0111u njima nalaze se i dva rada Studia Sonda: <a href=\"https:\/\/sonda.hr\/kolekcija-piquentum-sv-vital-121314\/\">Kolekcija Piquentum Sv. Vital 12\/13\/14<\/a> i <a href=\"https:\/\/sonda.hr\/booktiga-nagrada-najcitanijoj-autorici\/\">Nagrada Booktiga<\/a>. Izlo\u017eeni su u Izlo\u017ebenom salonu Izidor Kr\u0161njavi -\u2009\u0160kola primijenjene umjetnosti i dizajna, radnim danom od 11-19h, do 27. listopada.<\/p>\n<p>Foto:\u00a0<a id=\"js_2w\" class=\"_2wmb\" href=\"https:\/\/web.facebook.com\/52zagrebackisalon\/?_rdc=1&amp;_rdr#\" data-hover=\"tooltip\" data-tooltip-content=\"\">@52zagrebackisalon<\/a><\/p>\n","protected":false},"excerpt":{"rendered":"<p>Radovi Kolekcija Piquentum Sv. Vital 12\/13\/14 i Nagrada Booktiga daju svoj doprinos sredi\u0161njoj temi 52. zagreba\u010dkog salona: (Ne)primjenjivost primijenjene umjetnosti<\/p>\n","protected":false},"author":3,"featured_media":3981,"comment_status":"closed","ping_status":"closed","sticky":false,"template":"","format":"standard","meta":{"_acf_changed":false,"footnotes":""},"categories":[69,188,178,1],"tags":[3567,133,196,2316,145,2354,2704,2706],"class_list":["post-3977","post","type-post","status-publish","format-standard","has-post-thumbnail","hentry","category-ambalaza","category-izlozbe","category-kultura","category-novosti","tag-award-hr-2","tag-booktiga","tag-izlozba","tag-kolekcija","tag-piquentum","tag-vital","tag-zg","tag-zg-salon"],"acf":{"gallery":[null],"migrate_to_new_website":true,"content_type":"post"},"wpml_current_locale":"hr","wpml_translations":{"en_US":{"locale":"en_US","id":3979,"slug":"exhibiting-at-the-52nd-zagreb-salon","post_title":"Exhibiting at the 52nd Zagreb Salon","href":"https:\/\/sonda.hr\/exhibiting-at-the-52nd-zagreb-salon\/"}},"featured_image_url":"https:\/\/sonda.hr\/wp-content\/uploads\/2017\/10\/Sonda_Salon17_H.jpg","_links":{"self":[{"href":"https:\/\/sonda.hr\/hr\/wp-json\/wp\/v2\/posts\/3977","targetHints":{"allow":["GET"]}}],"collection":[{"href":"https:\/\/sonda.hr\/hr\/wp-json\/wp\/v2\/posts"}],"about":[{"href":"https:\/\/sonda.hr\/hr\/wp-json\/wp\/v2\/types\/post"}],"author":[{"embeddable":true,"href":"https:\/\/sonda.hr\/hr\/wp-json\/wp\/v2\/users\/3"}],"replies":[{"embeddable":true,"href":"https:\/\/sonda.hr\/hr\/wp-json\/wp\/v2\/comments?post=3977"}],"version-history":[{"count":3,"href":"https:\/\/sonda.hr\/hr\/wp-json\/wp\/v2\/posts\/3977\/revisions"}],"predecessor-version":[{"id":3982,"href":"https:\/\/sonda.hr\/hr\/wp-json\/wp\/v2\/posts\/3977\/revisions\/3982"}],"acf:attachment":[{"embeddable":true,"href":"https:\/\/sonda.hr\/hr\/wp-json\/wp\/v2\/media\/"}],"wp:featuredmedia":[{"embeddable":true,"href":"https:\/\/sonda.hr\/hr\/wp-json\/wp\/v2\/media\/3981"}],"wp:attachment":[{"href":"https:\/\/sonda.hr\/hr\/wp-json\/wp\/v2\/media?parent=3977"}],"wp:term":[{"taxonomy":"category","embeddable":true,"href":"https:\/\/sonda.hr\/hr\/wp-json\/wp\/v2\/categories?post=3977"},{"taxonomy":"post_tag","embeddable":true,"href":"https:\/\/sonda.hr\/hr\/wp-json\/wp\/v2\/tags?post=3977"}],"curies":[{"name":"wp","href":"https:\/\/api.w.org\/{rel}","templated":true}]}}