{"id":4213,"date":"2018-04-07T21:31:03","date_gmt":"2018-04-07T19:31:03","guid":{"rendered":"https:\/\/sonda.hr\/?p=4213"},"modified":"2018-04-08T18:04:08","modified_gmt":"2018-04-08T18:04:08","slug":"do-you-sleep-eat-play-work","status":"publish","type":"post","link":"https:\/\/sonda.hr\/hr\/do-you-sleep-eat-play-work\/","title":{"rendered":"Do you sleep? eat? play? work?"},"content":{"rendered":"<p>Rijeka <a href=\"http:\/\/rijeka2020.eu\/en\/\">EPK 2020<\/a> grad koji te\u010de ne \u017eeli definirati kao tipi\u010dnu mediteransku turisti\u010dku destinaciju sunca, mora i prate\u0107ih do\u017eivljaja. Ideja je privu\u0107i turiste koji \u017eele ne\u0161to druga\u010dije &#8211; primjerice sudjelovanje u nedovr\u0161enom gradu s onima koji ga \u010dine. \u017divjeti i stvarati grad, spavati u MSU Rijeka, kuhati na Porto Etnu,\u00a0 igrati se na toboganu raditi u RiHub-u\u2026 to su jedinstveni projekti koji imaju intenciju uklju\u010diti sudionike u urbanu reinvenciju nenastanjenih i zapu\u0161tenih podru\u010dja Luke, Delte i bloka kulture Rikard Ben\u010di\u0107. Upravo su oni prezentirani kroz paviljon i publikaciju na berlinskom ITB sajmu turizma u o\u017eujku, nude\u0107i posve druga\u010dije sadr\u017eaje od onih koje smo ina\u010de navikli gledati na turisti\u010dkim sajmovima ovoga tipa.<\/p>\n<p>Arhitekturu paviljona potpisuju arhitekti Ida Kri\u017eaj Leko i Idis Turato, koncept predstavljanja osmi\u0161ljen je s Ivanom \u0160ararom i suradnicima na projektu Markom-Lukom Zub\u010di\u0107em i Renatom Stankovi\u0107em, dok su na pripremi promotivne bro\u0161ure naslovljene &#8216;Rijeka City in Progress&#8217; radili \u010dlanovi EPK tima Bernard Koludrovi\u0107 (voditelj programa RiHub), Jelena Mili\u0107 (koordinatorica programskog pravca Dje\u010dja ku\u0107a), Lela Vujani\u0107 (voditeljica programskog pravca Kuhinja), Jelena Androi\u0107 (voditeljica odnosa s javno\u0161\u0107u), Irena Kregar \u0160egota (direktorica Sektora za razvoj i strate\u0161ka partnerstva) te Slaven Tolj (umjetni\u010dki direktor projekta Rijeka 2020 \u2013 EPK). Studio Sonda osmislio je dizajn bro\u0161ure. Vizualni identitet Rijeka EPK 2020 potpisuje dizajner Oleg \u0160uran.<\/p>\n<p>&nbsp;<\/p>\n","protected":false},"excerpt":{"rendered":"<p>Rijeka kao EPK za 2020. godinu prezentirana je na berlinskom ITB sajmu turizma paviljonom koji promovira programe osmi\u0161ljene za prolje\u0107e i ljeto 2018. Studio Sonda izradio je dizajn prate\u0107e publikacije: Do you sleep? eat? play? work?<\/p>\n","protected":false},"author":3,"featured_media":4245,"comment_status":"closed","ping_status":"closed","sticky":false,"template":"","format":"standard","meta":{"_acf_changed":false,"footnotes":""},"categories":[1,3553,17],"tags":[2793,2797,2799,2805,2803,2801,2807,2795,468,2778],"class_list":["post-4213","post","type-post","status-publish","format-standard","has-post-thumbnail","hentry","category-novosti","category-print-en-hr","category-workprint","tag-brosura","tag-epk","tag-europska-prijestolnica-kulture","tag-ida-krizaj-leko","tag-idis-turato","tag-ivan-sarar","tag-msu","tag-paviljon","tag-rijeka","tag-sajam"],"acf":{"gallery":[4246,4226,4229,4222,4223,4224,4225,4230,4227,4228,4232,4231,4238,4233,4235,4234,4237,4236,4239],"migrate_to_new_website":true,"content_type":"work"},"wpml_current_locale":"hr","wpml_translations":{"en_US":{"locale":"en_US","id":4216,"slug":"do-you-sleep-eat-play-work-2","post_title":"Do you sleep? eat? play? work?","href":"https:\/\/sonda.hr\/do-you-sleep-eat-play-work-2\/"}},"featured_image_url":"https:\/\/sonda.hr\/wp-content\/uploads\/2018\/04\/Sonda_Ri2020_H.jpg","_links":{"self":[{"href":"https:\/\/sonda.hr\/hr\/wp-json\/wp\/v2\/posts\/4213","targetHints":{"allow":["GET"]}}],"collection":[{"href":"https:\/\/sonda.hr\/hr\/wp-json\/wp\/v2\/posts"}],"about":[{"href":"https:\/\/sonda.hr\/hr\/wp-json\/wp\/v2\/types\/post"}],"author":[{"embeddable":true,"href":"https:\/\/sonda.hr\/hr\/wp-json\/wp\/v2\/users\/3"}],"replies":[{"embeddable":true,"href":"https:\/\/sonda.hr\/hr\/wp-json\/wp\/v2\/comments?post=4213"}],"version-history":[{"count":3,"href":"https:\/\/sonda.hr\/hr\/wp-json\/wp\/v2\/posts\/4213\/revisions"}],"predecessor-version":[{"id":4244,"href":"https:\/\/sonda.hr\/hr\/wp-json\/wp\/v2\/posts\/4213\/revisions\/4244"}],"acf:attachment":[{"embeddable":true,"href":"https:\/\/sonda.hr\/hr\/wp-json\/wp\/v2\/media\/4239"},{"embeddable":true,"href":"https:\/\/sonda.hr\/hr\/wp-json\/wp\/v2\/media\/4236"},{"embeddable":true,"href":"https:\/\/sonda.hr\/hr\/wp-json\/wp\/v2\/media\/4237"},{"embeddable":true,"href":"https:\/\/sonda.hr\/hr\/wp-json\/wp\/v2\/media\/4234"},{"embeddable":true,"href":"https:\/\/sonda.hr\/hr\/wp-json\/wp\/v2\/media\/4235"},{"embeddable":true,"href":"https:\/\/sonda.hr\/hr\/wp-json\/wp\/v2\/media\/4233"},{"embeddable":true,"href":"https:\/\/sonda.hr\/hr\/wp-json\/wp\/v2\/media\/4238"},{"embeddable":true,"href":"https:\/\/sonda.hr\/hr\/wp-json\/wp\/v2\/media\/4231"},{"embeddable":true,"href":"https:\/\/sonda.hr\/hr\/wp-json\/wp\/v2\/media\/4232"},{"embeddable":true,"href":"https:\/\/sonda.hr\/hr\/wp-json\/wp\/v2\/media\/4228"},{"embeddable":true,"href":"https:\/\/sonda.hr\/hr\/wp-json\/wp\/v2\/media\/4227"},{"embeddable":true,"href":"https:\/\/sonda.hr\/hr\/wp-json\/wp\/v2\/media\/4230"},{"embeddable":true,"href":"https:\/\/sonda.hr\/hr\/wp-json\/wp\/v2\/media\/4225"},{"embeddable":true,"href":"https:\/\/sonda.hr\/hr\/wp-json\/wp\/v2\/media\/4224"},{"embeddable":true,"href":"https:\/\/sonda.hr\/hr\/wp-json\/wp\/v2\/media\/4223"},{"embeddable":true,"href":"https:\/\/sonda.hr\/hr\/wp-json\/wp\/v2\/media\/4222"},{"embeddable":true,"href":"https:\/\/sonda.hr\/hr\/wp-json\/wp\/v2\/media\/4229"},{"embeddable":true,"href":"https:\/\/sonda.hr\/hr\/wp-json\/wp\/v2\/media\/4226"},{"embeddable":true,"href":"https:\/\/sonda.hr\/hr\/wp-json\/wp\/v2\/media\/4246"}],"wp:featuredmedia":[{"embeddable":true,"href":"https:\/\/sonda.hr\/hr\/wp-json\/wp\/v2\/media\/4245"}],"wp:attachment":[{"href":"https:\/\/sonda.hr\/hr\/wp-json\/wp\/v2\/media?parent=4213"}],"wp:term":[{"taxonomy":"category","embeddable":true,"href":"https:\/\/sonda.hr\/hr\/wp-json\/wp\/v2\/categories?post=4213"},{"taxonomy":"post_tag","embeddable":true,"href":"https:\/\/sonda.hr\/hr\/wp-json\/wp\/v2\/tags?post=4213"}],"curies":[{"name":"wp","href":"https:\/\/api.w.org\/{rel}","templated":true}]}}