{"id":52,"date":"2012-08-26T10:11:14","date_gmt":"2012-08-26T08:11:14","guid":{"rendered":"https:\/\/sonda.hr\/?p=52"},"modified":"2016-01-24T16:38:24","modified_gmt":"2016-01-24T16:38:24","slug":"red-dot-communication-design-2012-plakatu-festivala-igranog-filma-u-puli","status":"publish","type":"post","link":"https:\/\/sonda.hr\/hr\/red-dot-communication-design-2012-plakatu-festivala-igranog-filma-u-puli\/","title":{"rendered":"Red Dot za plakat pulskog festivala filma"},"content":{"rendered":"<p>Rije\u010d je o dugovje\u010dnom festivalu s tradicijom &#8211; Pulskom filmskom festivalu, karakteristi\u010dnom po mjestu odr\u017eavanja (amfiteatar) te \u010dinjenici da se odr\u017eava uve\u010der, pod vedrim nebom. Kao gradbeni element plakata iskori\u0161ten je simbol zvijezde koji je stiliziran do svoje osnove te u biti predstavlja bijelu to\u010dku kao osnovnu likovnu i opti\u010dku vrijednost. Pritom se nizanjem elemenata dobiva nedvojben efekt zvjezdanog neba i to\u010dke postaju blje\u0161tave iluminacije koje, uporabom fosforescentnih boja na plakatu, uistinu svjetle u mraku. U iscrtavanju plakata kao podloga kori\u0161tena je realna konstelacija zvijezda kakva \u0107e biti na dan 21. srpnja 2012. preuzeta s aplikacije Your Sky. Na taj na\u010din posjetitelji imaju priliku mjesecima se radovati zvjezdanom nebu kakvo \u0107e ih uistinu o\u010dekivati na dan otvorenja nacionalnog programa Festivala.<\/p>\n<p>Od 6,823 pristigla rada iz 43 zemlje, 511 radova dobilo je \u201c<a href=\"http:\/\/en.red-dot.org\">Red dot<\/a>\u201d priznanje, koje slovi za jedno od najpresti\u017enijih s podru\u010dja dizajna, a odabrao ih je me\u0111unarodni \u017eiri od 21 \u010dlana.<\/p>\n","protected":false},"excerpt":{"rendered":"<p>Plakat kojim se promovira novi vizualni identitet Festivala igranog filma u Puli &#8211; Film pod zvijezdama, nagra\u0111en je priznanjem Red Dot Communication Design 2012.<\/p>\n","protected":false},"author":1,"featured_media":1238,"comment_status":"closed","ping_status":"closed","sticky":false,"template":"","format":"standard","meta":{"_acf_changed":false,"footnotes":""},"categories":[188,178,47,1,63,3553,17,90],"tags":[521,221,202,282,3622,251,138,453,143,3574,517],"class_list":["post-52","post","type-post","status-publish","format-standard","has-post-thumbnail","hentry","category-izlozbe","category-kultura","category-nagrade","category-novosti","category-oglasavanje","category-print-en-hr","category-workprint","category-vizualni-identiteti","tag-communication","tag-istra","tag-nagrada","tag-plakat","tag-poster-hr-2","tag-pula","tag-pula-film-festival","tag-pulski-filmski-festival","tag-red-dot","tag-red-dot-hr","tag-zvijezde"],"acf":{"gallery":[2195],"migrate_to_new_website":true,"content_type":"post"},"wpml_current_locale":"hr","wpml_translations":{"en_US":{"locale":"en_US","id":1579,"slug":"red-dot-for-pula-film-festival-poster","post_title":"Red Dot for Pula film festival poster","href":"https:\/\/sonda.hr\/red-dot-for-pula-film-festival-poster\/"}},"featured_image_url":"https:\/\/sonda.hr\/wp-content\/uploads\/2012\/06\/PFF_RedDot_01.jpg","_links":{"self":[{"href":"https:\/\/sonda.hr\/hr\/wp-json\/wp\/v2\/posts\/52","targetHints":{"allow":["GET"]}}],"collection":[{"href":"https:\/\/sonda.hr\/hr\/wp-json\/wp\/v2\/posts"}],"about":[{"href":"https:\/\/sonda.hr\/hr\/wp-json\/wp\/v2\/types\/post"}],"author":[{"embeddable":true,"href":"https:\/\/sonda.hr\/hr\/wp-json\/wp\/v2\/users\/1"}],"replies":[{"embeddable":true,"href":"https:\/\/sonda.hr\/hr\/wp-json\/wp\/v2\/comments?post=52"}],"version-history":[{"count":9,"href":"https:\/\/sonda.hr\/hr\/wp-json\/wp\/v2\/posts\/52\/revisions"}],"predecessor-version":[{"id":2345,"href":"https:\/\/sonda.hr\/hr\/wp-json\/wp\/v2\/posts\/52\/revisions\/2345"}],"acf:attachment":[{"embeddable":true,"href":"https:\/\/sonda.hr\/hr\/wp-json\/wp\/v2\/media\/2195"}],"wp:featuredmedia":[{"embeddable":true,"href":"https:\/\/sonda.hr\/hr\/wp-json\/wp\/v2\/media\/1238"}],"wp:attachment":[{"href":"https:\/\/sonda.hr\/hr\/wp-json\/wp\/v2\/media?parent=52"}],"wp:term":[{"taxonomy":"category","embeddable":true,"href":"https:\/\/sonda.hr\/hr\/wp-json\/wp\/v2\/categories?post=52"},{"taxonomy":"post_tag","embeddable":true,"href":"https:\/\/sonda.hr\/hr\/wp-json\/wp\/v2\/tags?post=52"}],"curies":[{"name":"wp","href":"https:\/\/api.w.org\/{rel}","templated":true}]}}