{"id":569,"date":"2014-02-01T12:23:08","date_gmt":"2014-02-01T11:23:08","guid":{"rendered":"https:\/\/sonda.hr\/?p=569"},"modified":"2016-01-24T16:27:53","modified_gmt":"2016-01-24T16:27:53","slug":"piquentum-brazda-rad-na-ambalazi-dug-dvije-godine","status":"publish","type":"post","link":"https:\/\/sonda.hr\/hr\/piquentum-brazda-rad-na-ambalazi-dug-dvije-godine\/","title":{"rendered":"Piquentum Brazda, rad na ambala\u017ei dug dvije godine"},"content":{"rendered":"<p>Pripreme za izradu etikete za ovu posebnu ediciju vina koje je buteljirano u 2014. godini u svega 200 primjeraka, se\u017eu jo\u0161 u 2012. godinu. To\u010dnije, zapo\u010dele su 21. rujna 2012. &#8211; na dan berbe gro\u017e\u0111a u vinogradu smje\u0161tenom u regiji Istra (Hrvatska), posebnom po tome \u0161to je punih 80 godina obra\u0111ivan isklju\u010divo prirodnim metodama te u potpunosti odra\u017eava filozofiju proizvo\u0111a\u010da vina Dimitrija Bre\u010devi\u0107a (<a href=\"http:\/\/www.piquentum.com\">Piquentum<\/a>).<\/p>\n<p>Vrijeme, prostor i iskrenost &#8211; to je ono \u0161to ovaj vinar smatra klju\u010dnim za kvalitetu vina te je izrada etikete za ovo organsko vino zapo\u010dela sakupljanjem 200 primjeraka &#8216;Glasa istre&#8217;, dnevnih novina regije Istra, otisnutih na sam dan berbe, a koje su upravo utjelovljenje simbolike vremena (21. 09. 2012), prostora (regionalne novine podru\u010dja na kojem je vino realizirano) te iskrenosti (informacija koju prenose novine u datom vremenu i prostoru). Iskren je i na\u010din na koji su etikete producirane iz originalnih novina (Glas istre 21.09.2012): preuzeti listovi li\u0161eni su bilo kakvih dodataka i detalja, odra\u017eavaju\u0107i isti takav karakter vina, a pritom se grafi\u010dki element izgleda novinskog teksta koji podsje\u0107a na obra\u0111eno polje posve primjereno nadovezuje na ime vina: Brazda (zna\u010denje: na hrvatskom jeziku brazda zna\u010di dio tla koji se prevr\u0107e pri oranju).<\/p>\n","protected":false},"excerpt":{"rendered":"<p>Jer, kako ka\u017ee njegov autor, ovo vino odraz je vremena, prostora i iskrenosti\u2026 Radi toga zaslu\u017euje uistinu posebnu etiketu, a koja to zapravo i nije<\/p>\n","protected":false},"author":3,"featured_media":1010,"comment_status":"closed","ping_status":"closed","sticky":false,"template":"","format":"standard","meta":{"_acf_changed":false,"footnotes":""},"categories":[69,47,1],"tags":[267,227,268,145,226],"class_list":["post-569","post","type-post","status-publish","format-standard","has-post-thumbnail","hentry","category-ambalaza","category-nagrade","category-novosti","tag-brazda","tag-dimitri-brecevic","tag-glas-istre","tag-piquentum","tag-vino"],"acf":{"gallery":[1520,1521],"migrate_to_new_website":true,"content_type":"work"},"wpml_current_locale":"hr","wpml_translations":{"en_US":{"locale":"en_US","id":1910,"slug":"piquentum-brazda-working-on-a-label-for-two-years","post_title":"Piquentum brazda, working on a label for two years\u00a0","href":"https:\/\/sonda.hr\/piquentum-brazda-working-on-a-label-for-two-years\/"}},"featured_image_url":"https:\/\/sonda.hr\/wp-content\/uploads\/2014\/02\/Brazda_01.jpg","_links":{"self":[{"href":"https:\/\/sonda.hr\/hr\/wp-json\/wp\/v2\/posts\/569","targetHints":{"allow":["GET"]}}],"collection":[{"href":"https:\/\/sonda.hr\/hr\/wp-json\/wp\/v2\/posts"}],"about":[{"href":"https:\/\/sonda.hr\/hr\/wp-json\/wp\/v2\/types\/post"}],"author":[{"embeddable":true,"href":"https:\/\/sonda.hr\/hr\/wp-json\/wp\/v2\/users\/3"}],"replies":[{"embeddable":true,"href":"https:\/\/sonda.hr\/hr\/wp-json\/wp\/v2\/comments?post=569"}],"version-history":[{"count":14,"href":"https:\/\/sonda.hr\/hr\/wp-json\/wp\/v2\/posts\/569\/revisions"}],"predecessor-version":[{"id":2686,"href":"https:\/\/sonda.hr\/hr\/wp-json\/wp\/v2\/posts\/569\/revisions\/2686"}],"acf:attachment":[{"embeddable":true,"href":"https:\/\/sonda.hr\/hr\/wp-json\/wp\/v2\/media\/1521"},{"embeddable":true,"href":"https:\/\/sonda.hr\/hr\/wp-json\/wp\/v2\/media\/1520"}],"wp:featuredmedia":[{"embeddable":true,"href":"https:\/\/sonda.hr\/hr\/wp-json\/wp\/v2\/media\/1010"}],"wp:attachment":[{"href":"https:\/\/sonda.hr\/hr\/wp-json\/wp\/v2\/media?parent=569"}],"wp:term":[{"taxonomy":"category","embeddable":true,"href":"https:\/\/sonda.hr\/hr\/wp-json\/wp\/v2\/categories?post=569"},{"taxonomy":"post_tag","embeddable":true,"href":"https:\/\/sonda.hr\/hr\/wp-json\/wp\/v2\/tags?post=569"}],"curies":[{"name":"wp","href":"https:\/\/api.w.org\/{rel}","templated":true}]}}