{"id":6079,"date":"2022-08-04T14:54:39","date_gmt":"2022-08-04T12:54:39","guid":{"rendered":"https:\/\/sonda.hr\/?p=6079"},"modified":"2022-08-08T11:52:54","modified_gmt":"2022-08-08T09:52:54","slug":"zelis-nauciti-kako-se-brendira-lokalni-proizvod","status":"publish","type":"post","link":"https:\/\/sonda.hr\/hr\/zelis-nauciti-kako-se-brendira-lokalni-proizvod\/","title":{"rendered":"\u017deli\u0161 nau\u010diti kako se brendira lokalni proizvod?"},"content":{"rendered":"<p class=\"p1\">Uklju\u010dite se u na\u0161e &#8216;Savjetovali\u0161te za lokalne brendove&#8217;<i>\u00a0 <\/i>i u\u00a0 Sonda Kreativnom centru u Vi\u017einadi, tijekom rujna i listopada 2022. u\u010dite na primjeru stvaranja realnog brenda. Podu\u010davat \u0107emo o va\u017enosti i na\u010dinima razvoja brendova, \u0161to \u0107e zainteresiranima mo\u0107i pomo\u0107i pri plasmanu njihovih proizvoda i usluga na tr\u017ei\u0161te.<\/p>\n<p class=\"p1\">Za sudjelovanje nije potrebno predznanje, niti prethodno iskustvo, ve\u0107 \u017eelja za razvojem i upoznavanjem kreativnih procesa kroz prakti\u010dan rad. \u017delimo raditi s tobom (da, s tobom!) kako bismo zajedno dokazali da kreativnost mo\u017ee biti visoko u\u010dinkovita i iznimno pozitivno utjecati na razvoj zajednice u sociolo\u0161kom, kulturnom<span class=\"Apple-converted-space\">\u00a0 <\/span>i ekonomskom pogledu. Kreativnim i prakti\u010dnim procesima te radom na realnom proizvodu, kroz ovaj program edukacija omogu\u0107ujemo stjecanje znanja o produkciji kreativnih rje\u0161enja, radu na prepoznatljivosti brenda i tr\u017ei\u0161nom pozicioniranju.<\/p>\n<p class=\"p1\">Radionice \u0107e se odr\u017eavati u periodu od 6. rujna do 4. listopada, jednom tjedno, u prostorima Sonda kreativnog centra u Vi\u017einadi uz mentorsku podr\u0161ku Studija Sonda. Predvi\u0111eno trajanje radionica je od 2 do 4 sata, u unaprijed dogovorenim terminima u poslijepodnevnim satima (17-21).<\/p>\n<p>&nbsp;<\/p>\n<p class=\"p1\"><b>ZA\u0160TO JE OVO PROGRAM ZA TEBE?<\/b><\/p>\n<ul>\n<li>Ima\u0161 priliku upoznati procese kreativnog i prakti\u010dnog rada koji vode do realizacije realnog proizvoda s prakti\u010dnom primjenom;<\/li>\n<\/ul>\n<ul class=\"ul1\">\n<li class=\"li4\">na realnom primjeru unaprijediti svoja znanja o pozicioniranju vlastitog brenda na tr\u017ei\u0161tu, sudjeluju\u0107i u radionicama pod vodstvom mentora vi\u0161estruko me\u0111unarodno nagra\u0111ivanog kreativnog studija (Sonda) iza kojeg stoji ve\u0107 gotovo 20 godina rada na podru\u010dju osmi\u0161ljavanja i razvoja brendova;<\/li>\n<li class=\"li4\">sudjeluju\u0107i u aktivnostima koje \u0107e biti provedene na brendiranju stvarnog lokalnog proizvoda ima\u0161 prilike raditi na realnom rje\u0161enju \u0161to ti omogu\u0107uje bolje razumijevanje ste\u010denih znanja i vje\u0161tina te njihovu daljnju primjenu.<\/li>\n<\/ul>\n<p class=\"p1\">Program je besplatan, a podijeljen je u sedam faza te uklju\u010duje predavanja\/radionice i prakti\u010dne zadatke. Sudionike tako vodi kroz kreativne i prakti\u010dne procese koji rezultiraju realnim rje\u0161enjima koja imaju svoju prakti\u010dnu primjenu. Namijenjen je punoljetnim osobama te za njega nije predvi\u0111ena naknada. Ukoliko si zainteresiran\/a te se mo\u017ee\u0161 obvezati na uvjete sudjelovanja, <a href=\"https:\/\/sonda.hr\/you\/\">klikni za detalje<\/a>.<\/p>\n<p class=\"p1\">Rok za slanje prijave je <b>14. kolovoza u 23.59<\/b>. Prijave pristigle iza navedenog roka, kao i nepotpune prijave ne\u0107e biti razmatrane.\u00a0Prijavnicu mo\u017eete prona\u0107i ovdje:\u00a0<a href=\"https:\/\/docs.google.com\/forms\/d\/e\/1FAIpQLSddkIxFJyo-Lpvi5He-eC4_fq401XEjC9Yj4geITuh_WgCpHQ\/viewform\"><span class=\"s2\">PRIJAVNICA<\/span><\/a>.<\/p>\n<p class=\"p1\">Projekt u suradnji provode Udruga Sonda i Zajednica Talijana Vi\u017einada, uz financijsku potporu Zaklade Istra &#8211; Fondazione Istria iz sredstava Fonda gradova i op\u0107ina.<\/p>\n<p>&nbsp;<\/p>\n<p class=\"p1\"><b>O PROGRAMU <\/b><br \/>\nBrendovi, naro\u010dito oni u lokalnoj zajednici, va\u017eni su jer nose i dio kulturnog naslje\u0111a te tradicije, a \u010desto se naslje\u0111uju kroz generacije. Stoga, ovim projektom \u017eelimo na realnom primjeru podu\u010diti mlade kako da zadr\u017ee identitete svojeg kraja, a opet budu tr\u017ei\u0161no relevantni. Kroz stru\u010dne edukacije \u017eelimo utjecati na osna\u017eivanje lokalnih postoje\u0107ih i budu\u0107ih brendova.<\/p>\n<p class=\"p1\">Uz vodstvo mentora iz Studija Sonda, sudionici imaju prilike pro\u0107i sve procese nastanka konkretnog proizvoda\/dizajna te u kona\u010dnici i samu prezentaciju\/promociju projekta. Ste\u010deno znanje potom mogu prakti\u010dno primijeniti na primjeru vlastitih obiteljskih poljoprivrednih gospodarstava i lokalnih obrta te tako postati nositelji promjena i inovacija.<span class=\"Apple-converted-space\">\u00a0 <\/span><\/p>\n","protected":false},"excerpt":{"rendered":"<p>Kraj ljeta donosi nove prilike! Za one koji \u017eele znati vi\u0161e o procesima brendiranja lokalnih proizvoda ili usluga: prijavite se na Sondin program edukacija &#8216;Savjetovali\u0161te za lokalne brendove&#8217; i u Sonda kreativnom centru u\u010dite na primjeru stvaranja realnog brenda. Program je limitiran i ne napla\u0107uje se za polaznike. Prijave do 14.08.<\/p>\n","protected":false},"author":3,"featured_media":6092,"comment_status":"closed","ping_status":"closed","sticky":false,"template":"","format":"standard","meta":{"_acf_changed":false,"footnotes":""},"categories":[1],"tags":[3411,3413,3415,209],"class_list":["post-6079","post","type-post","status-publish","format-standard","has-post-thumbnail","hentry","category-novosti","tag-brendovi","tag-savjetovaliste","tag-sond-kreativni-centar","tag-sonda"],"acf":{"gallery":[null],"migrate_to_new_website":true,"content_type":"post"},"wpml_current_locale":"hr","wpml_translations":{"en_US":{"locale":"en_US","id":6078,"slug":"want-to-know-more-about-local-product-branding","post_title":"Want to learn more about local products branding?","href":"https:\/\/sonda.hr\/want-to-know-more-about-local-product-branding\/"}},"featured_image_url":"https:\/\/sonda.hr\/wp-content\/uploads\/2022\/08\/Sonda_DBP_elan_H.jpg","_links":{"self":[{"href":"https:\/\/sonda.hr\/hr\/wp-json\/wp\/v2\/posts\/6079","targetHints":{"allow":["GET"]}}],"collection":[{"href":"https:\/\/sonda.hr\/hr\/wp-json\/wp\/v2\/posts"}],"about":[{"href":"https:\/\/sonda.hr\/hr\/wp-json\/wp\/v2\/types\/post"}],"author":[{"embeddable":true,"href":"https:\/\/sonda.hr\/hr\/wp-json\/wp\/v2\/users\/3"}],"replies":[{"embeddable":true,"href":"https:\/\/sonda.hr\/hr\/wp-json\/wp\/v2\/comments?post=6079"}],"version-history":[{"count":3,"href":"https:\/\/sonda.hr\/hr\/wp-json\/wp\/v2\/posts\/6079\/revisions"}],"predecessor-version":[{"id":6086,"href":"https:\/\/sonda.hr\/hr\/wp-json\/wp\/v2\/posts\/6079\/revisions\/6086"}],"acf:attachment":[{"embeddable":true,"href":"https:\/\/sonda.hr\/hr\/wp-json\/wp\/v2\/media\/"}],"wp:featuredmedia":[{"embeddable":true,"href":"https:\/\/sonda.hr\/hr\/wp-json\/wp\/v2\/media\/6092"}],"wp:attachment":[{"href":"https:\/\/sonda.hr\/hr\/wp-json\/wp\/v2\/media?parent=6079"}],"wp:term":[{"taxonomy":"category","embeddable":true,"href":"https:\/\/sonda.hr\/hr\/wp-json\/wp\/v2\/categories?post=6079"},{"taxonomy":"post_tag","embeddable":true,"href":"https:\/\/sonda.hr\/hr\/wp-json\/wp\/v2\/tags?post=6079"}],"curies":[{"name":"wp","href":"https:\/\/api.w.org\/{rel}","templated":true}]}}