{"id":810,"date":"2009-04-30T09:42:53","date_gmt":"2009-04-30T07:42:53","guid":{"rendered":"https:\/\/sonda.hr\/?p=810"},"modified":"2016-01-24T10:01:29","modified_gmt":"2016-01-24T10:01:29","slug":"plakat-booktiga-2009-kao-rabljena-roba","status":"publish","type":"post","link":"https:\/\/sonda.hr\/hr\/plakat-booktiga-2009-kao-rabljena-roba\/","title":{"rendered":"Rabljeni plakat festivala Booktiga 2009"},"content":{"rendered":"<p>Plakat je izra\u0111en za svrhu promocije Festivala rabljenih knjiga u Pore\u010du 2009. g; u organizaciji Gradske knji\u017enice Pore\u010d. Koncept je proiza\u0161ao iz \u010dinjenice da je u skladi\u0161tu ostala znatna koli\u010dina plakata od pro\u0161logodi\u0161njeg festivala.\u00a0Kako se radi o Festivalu koji egzistira na elementu razmjene rabljenog, odlu\u010dili smo da i plakati moraju u svojoj sr\u017ei\u00a0 biti rabljena roba\u00a0jer se na taj na\u010din direktno daje vrijednost ne\u010demu \u0161to je zapravo odba\u010deno.\u00a0Tako su pro\u0161logodi\u0161nji, pra\u0161ni i zaboravljeni plakati, prebojani i pretvoreni u nove. Vidljivo su nagla\u0161eni elementi rabljenosti tj. naziru se detalji starog plakata.\u00a0Simbol osobnog pristupa i odsutnosti institucionalizma ljudski je rukopis koji je kori\u0161ten umjesto kompjuterske tipografije.<\/p>\n","protected":false},"excerpt":{"rendered":"<p>Plakat za festival rabljenih knjiga, koji sam i utjelovljuje mogu\u0107nost iskori\u0161tavanja rabljenog, nastao je redizajnom pro\u0161logodi\u0161njih, pra\u0161nih i zaboravljenih plakata<\/p>\n","protected":false},"author":3,"featured_media":1305,"comment_status":"closed","ping_status":"closed","sticky":false,"template":"","format":"standard","meta":{"_acf_changed":false,"footnotes":""},"categories":[178,47,1,63,3553,17],"tags":[133,373,235,463,505,282,132,3622,372,236,3601],"class_list":["post-810","post","type-post","status-publish","format-standard","has-post-thumbnail","hentry","category-kultura","category-nagrade","category-novosti","category-oglasavanje","category-print-en-hr","category-workprint","tag-booktiga","tag-festival","tag-festival-rabljenih-knjiga","tag-hrvatska","tag-knjiznica","tag-plakat","tag-porec","tag-poster-hr-2","tag-rabljene-knjige","tag-rabljeno","tag-vizinada-hr"],"acf":{"gallery":[2206,2207,2208,2209,2205],"migrate_to_new_website":true,"content_type":"work"},"wpml_current_locale":"hr","wpml_translations":{"en_US":{"locale":"en_US","id":1369,"slug":"the-used-poster-for-booktiga-festival-2009","post_title":"The used poster for Booktiga festival 2009","href":"https:\/\/sonda.hr\/the-used-poster-for-booktiga-festival-2009\/"}},"featured_image_url":"https:\/\/sonda.hr\/wp-content\/uploads\/2009\/04\/BOOKtiga2009_01.jpg","_links":{"self":[{"href":"https:\/\/sonda.hr\/hr\/wp-json\/wp\/v2\/posts\/810","targetHints":{"allow":["GET"]}}],"collection":[{"href":"https:\/\/sonda.hr\/hr\/wp-json\/wp\/v2\/posts"}],"about":[{"href":"https:\/\/sonda.hr\/hr\/wp-json\/wp\/v2\/types\/post"}],"author":[{"embeddable":true,"href":"https:\/\/sonda.hr\/hr\/wp-json\/wp\/v2\/users\/3"}],"replies":[{"embeddable":true,"href":"https:\/\/sonda.hr\/hr\/wp-json\/wp\/v2\/comments?post=810"}],"version-history":[{"count":10,"href":"https:\/\/sonda.hr\/hr\/wp-json\/wp\/v2\/posts\/810\/revisions"}],"predecessor-version":[{"id":2293,"href":"https:\/\/sonda.hr\/hr\/wp-json\/wp\/v2\/posts\/810\/revisions\/2293"}],"acf:attachment":[{"embeddable":true,"href":"https:\/\/sonda.hr\/hr\/wp-json\/wp\/v2\/media\/2205"},{"embeddable":true,"href":"https:\/\/sonda.hr\/hr\/wp-json\/wp\/v2\/media\/2209"},{"embeddable":true,"href":"https:\/\/sonda.hr\/hr\/wp-json\/wp\/v2\/media\/2208"},{"embeddable":true,"href":"https:\/\/sonda.hr\/hr\/wp-json\/wp\/v2\/media\/2207"},{"embeddable":true,"href":"https:\/\/sonda.hr\/hr\/wp-json\/wp\/v2\/media\/2206"}],"wp:featuredmedia":[{"embeddable":true,"href":"https:\/\/sonda.hr\/hr\/wp-json\/wp\/v2\/media\/1305"}],"wp:attachment":[{"href":"https:\/\/sonda.hr\/hr\/wp-json\/wp\/v2\/media?parent=810"}],"wp:term":[{"taxonomy":"category","embeddable":true,"href":"https:\/\/sonda.hr\/hr\/wp-json\/wp\/v2\/categories?post=810"},{"taxonomy":"post_tag","embeddable":true,"href":"https:\/\/sonda.hr\/hr\/wp-json\/wp\/v2\/tags?post=810"}],"curies":[{"name":"wp","href":"https:\/\/api.w.org\/{rel}","templated":true}]}}